{"id":820,"date":"2025-02-12T00:01:35","date_gmt":"2025-02-11T23:01:35","guid":{"rendered":"https:\/\/michelorion.com\/?p=820"},"modified":"2025-03-06T18:17:42","modified_gmt":"2025-03-06T17:17:42","slug":"printemps-des-poetes-a-dinan-samedi-15-mars-a-18-h","status":"publish","type":"post","link":"https:\/\/michelorion.com\/index.php\/2025\/02\/12\/printemps-des-poetes-a-dinan-samedi-15-mars-a-18-h\/","title":{"rendered":"Samedi 15 mars \u00e0 17h 30 : Printemps des Po\u00e8tes, \u00e0 DINAN"},"content":{"rendered":"\n<h2 class=\"wp-block-heading\"><strong>Printemps des po\u00e8tes Cabaret po\u00e9sie et chanson \u2013 Biblioth\u00e8que municipale Dinan samedi 15 mars 2025.<\/strong><\/h2>\n\n\n\n<p>Printemps des po\u00e8tes Cabaret po\u00e9sie et chanson&nbsp; Biblioth\u00e8que municipale 20 Rue Waldeck Rousseau Dinan C\u00f4tes-d\u2019Armor<\/p>\n\n\n\n<p>Date : jour \u2013 ann\u00e9e \u2013 mois \u2013 jour et horaire :<br>D\u00e9but : 2025-03-15 17:30:00<br>fin : 2025-03-15 18:30:00<\/p>\n\n\n\n<p>Dates :<br>2025-03-15<\/p>\n\n\n\n<p><strong>Avec Michel Orion (piano, voix) et Lou V\u00e9ronika (fl\u00fbte traversi\u00e8re).<\/strong><\/p>\n\n\n\n<p>Naviguant \u00e0 bord de son piano, entre ses propres cr\u00e9ations et celles de grands po\u00e8tes de la chanson francophone (Ferr\u00e9, Tr\u00e9net, Brassens, Brel, Gainsbourg, Vian, etc.) ou encore celles de grands po\u00e8tes mis en musique (Baudelaire, Verlaine, Rimbaud, Apollinaire, Aragon, Hugo, Villon, etc.), Michel Orion offre un spectacle dans la plus pure tradition de chansons \u00e0 texte plut\u00f4t qu\u2019\u00e0 pr\u00e9texte.<\/p>\n\n\n\n<p>Ce spectacle, piano-voix en duo avec Lou V\u00e9ronika, \u00e0 la fl\u00fbte traversi\u00e8re, laisse toute sa place \u00e0 la beaut\u00e9 du verbe et de la musique.<br>Le tour de chant, parfois caustique et iconoclaste, est ponctu\u00e9 d\u2019anecdotes et de chroniques aigres-douces, plus ou moins surr\u00e9alistes.<\/p>\n\n\n\n<p>Salle du Fauteuil rouge<br>Tout public &nbsp; .<\/p>\n\n\n\n<p>Biblioth\u00e8que municipale 20 Rue Waldeck Rousseau<br>Dinan 22100 C\u00f4tes-d\u2019Armor Bretagne +33 2 96 39 04 65\u00a0  <\/p>\n\n\n\n<figure class=\"wp-block-gallery has-nested-images columns-default is-cropped wp-block-gallery-1 is-layout-flex wp-block-gallery-is-layout-flex\">\n<figure class=\"wp-block-image size-large\"><img loading=\"lazy\" decoding=\"async\" width=\"1024\" height=\"682\" data-id=\"810\" src=\"http:\/\/michelorion.com\/wp-content\/uploads\/2025\/02\/ORION-duo-1-MB-1024x682.jpg\" alt=\"\" class=\"wp-image-810\" srcset=\"https:\/\/michelorion.com\/wp-content\/uploads\/2025\/02\/ORION-duo-1-MB-1024x682.jpg 1024w, https:\/\/michelorion.com\/wp-content\/uploads\/2025\/02\/ORION-duo-1-MB-300x200.jpg 300w, https:\/\/michelorion.com\/wp-content\/uploads\/2025\/02\/ORION-duo-1-MB-768x511.jpg 768w, https:\/\/michelorion.com\/wp-content\/uploads\/2025\/02\/ORION-duo-1-MB-1536x1022.jpg 1536w, https:\/\/michelorion.com\/wp-content\/uploads\/2025\/02\/ORION-duo-1-MB.jpg 2048w\" sizes=\"(max-width: 767px) 89vw, (max-width: 1000px) 54vw, (max-width: 1071px) 543px, 580px\" \/><\/figure>\n<\/figure>\n\n\n\n<figure class=\"wp-block-image size-large\"><img loading=\"lazy\" decoding=\"async\" width=\"719\" height=\"1024\" src=\"https:\/\/michelorion.com\/wp-content\/uploads\/2025\/03\/PXL_20250221_182952582-1-719x1024.jpg\" alt=\"\" class=\"wp-image-848\" srcset=\"https:\/\/michelorion.com\/wp-content\/uploads\/2025\/03\/PXL_20250221_182952582-1-719x1024.jpg 719w, https:\/\/michelorion.com\/wp-content\/uploads\/2025\/03\/PXL_20250221_182952582-1-211x300.jpg 211w, https:\/\/michelorion.com\/wp-content\/uploads\/2025\/03\/PXL_20250221_182952582-1-768x1094.jpg 768w, https:\/\/michelorion.com\/wp-content\/uploads\/2025\/03\/PXL_20250221_182952582-1-1078x1536.jpg 1078w, https:\/\/michelorion.com\/wp-content\/uploads\/2025\/03\/PXL_20250221_182952582-1-1438x2048.jpg 1438w, https:\/\/michelorion.com\/wp-content\/uploads\/2025\/03\/PXL_20250221_182952582-1-scaled.jpg 1797w\" sizes=\"(max-width: 719px) 100vw, 719px\" \/><\/figure>\n\n\n\n<figure class=\"wp-block-image size-large\"><img loading=\"lazy\" decoding=\"async\" width=\"576\" height=\"1024\" src=\"https:\/\/michelorion.com\/wp-content\/uploads\/2025\/03\/PXL_20250221_191530604-576x1024.jpg\" alt=\"\" class=\"wp-image-849\" srcset=\"https:\/\/michelorion.com\/wp-content\/uploads\/2025\/03\/PXL_20250221_191530604-576x1024.jpg 576w, https:\/\/michelorion.com\/wp-content\/uploads\/2025\/03\/PXL_20250221_191530604-169x300.jpg 169w, https:\/\/michelorion.com\/wp-content\/uploads\/2025\/03\/PXL_20250221_191530604-768x1365.jpg 768w, https:\/\/michelorion.com\/wp-content\/uploads\/2025\/03\/PXL_20250221_191530604-864x1536.jpg 864w, https:\/\/michelorion.com\/wp-content\/uploads\/2025\/03\/PXL_20250221_191530604-1152x2048.jpg 1152w, https:\/\/michelorion.com\/wp-content\/uploads\/2025\/03\/PXL_20250221_191530604-scaled.jpg 1440w\" sizes=\"(max-width: 576px) 100vw, 576px\" \/><\/figure>\n\n\n\n<figure class=\"wp-block-image size-large\"><img loading=\"lazy\" decoding=\"async\" width=\"1024\" height=\"683\" src=\"http:\/\/michelorion.com\/wp-content\/uploads\/2025\/02\/ORION-DUO-JCM_212423-1024x683.jpg\" alt=\"\" class=\"wp-image-837\" srcset=\"https:\/\/michelorion.com\/wp-content\/uploads\/2025\/02\/ORION-DUO-JCM_212423-1024x683.jpg 1024w, https:\/\/michelorion.com\/wp-content\/uploads\/2025\/02\/ORION-DUO-JCM_212423-300x200.jpg 300w, https:\/\/michelorion.com\/wp-content\/uploads\/2025\/02\/ORION-DUO-JCM_212423-768x513.jpg 768w, https:\/\/michelorion.com\/wp-content\/uploads\/2025\/02\/ORION-DUO-JCM_212423-1536x1025.jpg 1536w\" sizes=\"(max-width: 767px) 89vw, (max-width: 1000px) 54vw, (max-width: 1071px) 543px, 580px\" \/><\/figure>\n","protected":false},"excerpt":{"rendered":"<p>Printemps des po\u00e8tes Cabaret po\u00e9sie et chanson \u2013 Biblioth\u00e8que municipale Dinan samedi 15 mars 2025. Printemps des po\u00e8tes Cabaret po\u00e9sie et chanson&nbsp; Biblioth\u00e8que municipale 20 Rue Waldeck Rousseau Dinan C\u00f4tes-d\u2019Armor Date : jour \u2013 ann\u00e9e \u2013 mois \u2013 jour et horaire :D\u00e9but : 2025-03-15 17:30:00fin : 2025-03-15 18:30:00 Dates :2025-03-15 Avec Michel Orion (piano, voix) &hellip; <\/p>\n<p class=\"link-more\"><a href=\"https:\/\/michelorion.com\/index.php\/2025\/02\/12\/printemps-des-poetes-a-dinan-samedi-15-mars-a-18-h\/\" class=\"more-link\">Continuer la lecture<span class=\"screen-reader-text\"> de &laquo;&nbsp;Samedi 15 mars \u00e0 17h 30 : Printemps des Po\u00e8tes, \u00e0 DINAN&nbsp;&raquo;<\/span><\/a><\/p>\n","protected":false},"author":1,"featured_media":0,"comment_status":"closed","ping_status":"closed","sticky":true,"template":"","format":"standard","meta":{"footnotes":""},"categories":[2,1],"tags":[33,36,34,12,29,13,28,26,23,24],"_links":{"self":[{"href":"https:\/\/michelorion.com\/index.php\/wp-json\/wp\/v2\/posts\/820"}],"collection":[{"href":"https:\/\/michelorion.com\/index.php\/wp-json\/wp\/v2\/posts"}],"about":[{"href":"https:\/\/michelorion.com\/index.php\/wp-json\/wp\/v2\/types\/post"}],"author":[{"embeddable":true,"href":"https:\/\/michelorion.com\/index.php\/wp-json\/wp\/v2\/users\/1"}],"replies":[{"embeddable":true,"href":"https:\/\/michelorion.com\/index.php\/wp-json\/wp\/v2\/comments?post=820"}],"version-history":[{"count":4,"href":"https:\/\/michelorion.com\/index.php\/wp-json\/wp\/v2\/posts\/820\/revisions"}],"predecessor-version":[{"id":850,"href":"https:\/\/michelorion.com\/index.php\/wp-json\/wp\/v2\/posts\/820\/revisions\/850"}],"wp:attachment":[{"href":"https:\/\/michelorion.com\/index.php\/wp-json\/wp\/v2\/media?parent=820"}],"wp:term":[{"taxonomy":"category","embeddable":true,"href":"https:\/\/michelorion.com\/index.php\/wp-json\/wp\/v2\/categories?post=820"},{"taxonomy":"post_tag","embeddable":true,"href":"https:\/\/michelorion.com\/index.php\/wp-json\/wp\/v2\/tags?post=820"}],"curies":[{"name":"wp","href":"https:\/\/api.w.org\/{rel}","templated":true}]}}