{"id":832,"date":"2025-02-12T11:30:16","date_gmt":"2025-02-12T10:30:16","guid":{"rendered":"https:\/\/michelorion.com\/?p=832"},"modified":"2025-02-12T11:50:34","modified_gmt":"2025-02-12T10:50:34","slug":"jeudi-27-fevrier-a-20h30-concert-a-villard-de-lans-38-au-hiboubox","status":"publish","type":"post","link":"https:\/\/michelorion.com\/index.php\/2025\/02\/12\/jeudi-27-fevrier-a-20h30-concert-a-villard-de-lans-38-au-hiboubox\/","title":{"rendered":"Jeudi 27 f\u00e9vrier \u00e0 20h30 : Concert \u00e0 Villard-de-Lans (38), au Hiboubox"},"content":{"rendered":"\n<p>41 rue des Pionniers &#8211; Tel : 04 56 00 09 56 <\/p>\n\n\n\n<p><a href=\"https:\/\/culture.isere.fr\/agenda\/concert-orion-michel-chanson-francaise-litteraire\">https:\/\/culture.isere.fr\/agenda\/concert-orion-michel-chanson-francaise-litteraire<\/a><\/p>\n\n\n\n<p><\/p>\n\n\n\n<figure class=\"wp-block-image size-large\"><img loading=\"lazy\" decoding=\"async\" width=\"1024\" height=\"681\" src=\"http:\/\/michelorion.com\/wp-content\/uploads\/2019\/03\/DSC_5290-1024x681.jpg\" alt=\"\" class=\"wp-image-429\" srcset=\"https:\/\/michelorion.com\/wp-content\/uploads\/2019\/03\/DSC_5290-1024x681.jpg 1024w, https:\/\/michelorion.com\/wp-content\/uploads\/2019\/03\/DSC_5290-300x200.jpg 300w, https:\/\/michelorion.com\/wp-content\/uploads\/2019\/03\/DSC_5290-768x511.jpg 768w, https:\/\/michelorion.com\/wp-content\/uploads\/2019\/03\/DSC_5290.jpg 1417w\" sizes=\"(max-width: 767px) 89vw, (max-width: 1000px) 54vw, (max-width: 1071px) 543px, 580px\" \/><\/figure>\n","protected":false},"excerpt":{"rendered":"<p>41 rue des Pionniers &#8211; Tel : 04 56 00 09 56 https:\/\/culture.isere.fr\/agenda\/concert-orion-michel-chanson-francaise-litteraire<\/p>\n","protected":false},"author":1,"featured_media":0,"comment_status":"closed","ping_status":"closed","sticky":true,"template":"","format":"standard","meta":{"footnotes":""},"categories":[2,1],"tags":[33,36,12,29,13,28,26,23,24],"_links":{"self":[{"href":"https:\/\/michelorion.com\/index.php\/wp-json\/wp\/v2\/posts\/832"}],"collection":[{"href":"https:\/\/michelorion.com\/index.php\/wp-json\/wp\/v2\/posts"}],"about":[{"href":"https:\/\/michelorion.com\/index.php\/wp-json\/wp\/v2\/types\/post"}],"author":[{"embeddable":true,"href":"https:\/\/michelorion.com\/index.php\/wp-json\/wp\/v2\/users\/1"}],"replies":[{"embeddable":true,"href":"https:\/\/michelorion.com\/index.php\/wp-json\/wp\/v2\/comments?post=832"}],"version-history":[{"count":2,"href":"https:\/\/michelorion.com\/index.php\/wp-json\/wp\/v2\/posts\/832\/revisions"}],"predecessor-version":[{"id":834,"href":"https:\/\/michelorion.com\/index.php\/wp-json\/wp\/v2\/posts\/832\/revisions\/834"}],"wp:attachment":[{"href":"https:\/\/michelorion.com\/index.php\/wp-json\/wp\/v2\/media?parent=832"}],"wp:term":[{"taxonomy":"category","embeddable":true,"href":"https:\/\/michelorion.com\/index.php\/wp-json\/wp\/v2\/categories?post=832"},{"taxonomy":"post_tag","embeddable":true,"href":"https:\/\/michelorion.com\/index.php\/wp-json\/wp\/v2\/tags?post=832"}],"curies":[{"name":"wp","href":"https:\/\/api.w.org\/{rel}","templated":true}]}}